{"id":4009,"date":"2025-06-11T04:01:07","date_gmt":"2025-06-11T04:01:07","guid":{"rendered":"https:\/\/apliberty.org\/?p=4009"},"modified":"2025-06-11T04:04:32","modified_gmt":"2025-06-11T04:04:32","slug":"declaration-n02-sur-la-crise-humanitaire-en-republique-democratique-du-congo","status":"publish","type":"post","link":"https:\/\/apliberty.org\/fr\/declaration-n02-sur-la-crise-humanitaire-en-republique-democratique-du-congo\/","title":{"rendered":"DECLARATION N02 SUR LA CRISE HUMANITAIRE EN REPUBLIQUE DEMOCRATIQUE DU CONGO"},"content":{"rendered":"<h2 class=\"wp-block-heading\">DECLARATION N02 SUR LA CRISE HUMANITAIRE EN REPUBLIQUE DEMOCRATIQUE DU CONGO<\/h2>\n\n\n\n<p>Faisant suite \u00e0 notre d\u00e9claration d\u2019alerte humanitaire lanc\u00e9e pr\u00e9c\u00e9demment, Action for Peace and Liberty (APL-RDC) exprime sa reconnaissance pour l\u2019attention port\u00e9e par certaines instances nationales et internationales, qui ont permis une r\u00e9ponse humanitaire partielle dans les zones les plus affect\u00e9es de l\u2019Est de la R\u00e9publique D\u00e9mocratique du Congo.<\/p>\n\n\n\n<div data-wp-interactive=\"core\/file\" class=\"wp-block-file\"><object data-wp-bind--hidden=\"!state.hasPdfPreview\" hidden class=\"wp-block-file__embed\" data=\"https:\/\/apliberty.org\/wp-content\/uploads\/2025\/06\/APL-Doc-2.pdf\" type=\"application\/pdf\" style=\"width:100%;height:600px\" aria-label=\"Contenu embarqu\u00e9 DECLARATION N02 SUR LA CRISE HUMANITAIRE EN REPUBLIQUE DEMOCRATIQUE DU CONGO.\"><\/object><a id=\"wp-block-file--media-5760cfe2-53d5-4bdb-819c-3752e7b380ed\" href=\"https:\/\/apliberty.org\/wp-content\/uploads\/2025\/06\/APL-Doc-2.pdf\">DECLARATION N02 SUR LA CRISE HUMANITAIRE EN REPUBLIQUE DEMOCRATIQUE DU CONGO<\/a><a href=\"https:\/\/apliberty.org\/wp-content\/uploads\/2025\/06\/APL-Doc-2.pdf\" class=\"wp-block-file__button wp-element-button\" download aria-describedby=\"wp-block-file--media-5760cfe2-53d5-4bdb-819c-3752e7b380ed\">Download Now<\/a><\/div>\n\n\n\n<p><\/p>","protected":false},"excerpt":{"rendered":"<p>Faisant suite \u00e0 notre d\u00e9claration d\u2019alerte humanitaire lanc\u00e9e pr\u00e9c\u00e9demment, Action for Peace and Liberty<br \/>\n(APL-RDC) exprime sa reconnaissance pour l\u2019attention port\u00e9e par certaines instances nationales et<br \/>\ninternationales, qui ont permis une r\u00e9ponse humanitaire partielle dans les zones les plus affect\u00e9es de l\u2019Est<br \/>\nde la R\u00e9publique D\u00e9mocratique du Congo.<\/p>","protected":false},"author":3,"featured_media":4011,"comment_status":"open","ping_status":"open","sticky":false,"template":"","format":"standard","meta":{"give_campaign_id":0,"footnotes":""},"categories":[1],"tags":[],"class_list":["post-4009","post","type-post","status-publish","format-standard","has-post-thumbnail","hentry","category-uncategorized"],"aioseo_notices":[],"_links":{"self":[{"href":"https:\/\/apliberty.org\/fr\/wp-json\/wp\/v2\/posts\/4009","targetHints":{"allow":["GET"]}}],"collection":[{"href":"https:\/\/apliberty.org\/fr\/wp-json\/wp\/v2\/posts"}],"about":[{"href":"https:\/\/apliberty.org\/fr\/wp-json\/wp\/v2\/types\/post"}],"author":[{"embeddable":true,"href":"https:\/\/apliberty.org\/fr\/wp-json\/wp\/v2\/users\/3"}],"replies":[{"embeddable":true,"href":"https:\/\/apliberty.org\/fr\/wp-json\/wp\/v2\/comments?post=4009"}],"version-history":[{"count":4,"href":"https:\/\/apliberty.org\/fr\/wp-json\/wp\/v2\/posts\/4009\/revisions"}],"predecessor-version":[{"id":4016,"href":"https:\/\/apliberty.org\/fr\/wp-json\/wp\/v2\/posts\/4009\/revisions\/4016"}],"wp:featuredmedia":[{"embeddable":true,"href":"https:\/\/apliberty.org\/fr\/wp-json\/wp\/v2\/media\/4011"}],"wp:attachment":[{"href":"https:\/\/apliberty.org\/fr\/wp-json\/wp\/v2\/media?parent=4009"}],"wp:term":[{"taxonomy":"category","embeddable":true,"href":"https:\/\/apliberty.org\/fr\/wp-json\/wp\/v2\/categories?post=4009"},{"taxonomy":"post_tag","embeddable":true,"href":"https:\/\/apliberty.org\/fr\/wp-json\/wp\/v2\/tags?post=4009"}],"curies":[{"name":"wp","href":"https:\/\/api.w.org\/{rel}","templated":true}]}}